{"id":2908,"date":"2023-10-16T12:02:12","date_gmt":"2023-10-16T10:02:12","guid":{"rendered":"https:\/\/dev-serveur.fr\/2024\/secca-expertise\/?p=2908"},"modified":"2024-04-11T09:23:36","modified_gmt":"2024-04-11T07:23:36","slug":"rappel-important-dematerialisation-de-la-notification-de-taux-atmp-accident-du-travail-maladie-professionnelle","status":"publish","type":"post","link":"https:\/\/dev-serveur.fr\/2024\/secca-expertise\/rappel-important-dematerialisation-de-la-notification-de-taux-atmp-accident-du-travail-maladie-professionnelle\/","title":{"rendered":"Rappel important: d\u00e9mat\u00e9rialisation de la notification de taux ATMP (accident du travail\/maladie professionnelle)"},"content":{"rendered":"<p><strong><u>L&rsquo;inscription au compte AT\/MP (Accident du Travail\/Maladie Professionnelle) sur net.entreprises est obligatoire<\/u><\/strong>. Elle doit \u00eatre faite\u00a0<strong><u>avant le 11 d\u00e9cembre 2023<\/u><\/strong>.<\/p>\n<p data-testid=\"2rJEFWJaaf\">Une fois votre compte ouvert, vous \u00eates alors automatiquement abonn\u00e9 au service de d\u00e9mat\u00e9rialisation. Cela permet de t\u00e9l\u00e9charger la notification de taux de cotisation AT\/MP, accessible uniquement \u00e0 un repr\u00e9sentant de la structure.<\/p>\n<p data-testid=\"2rJEFWJaaf\">Nous vous rappelons que l&rsquo;inscription ne peut \u00eatre faite\u00a0<strong>que par l&#8217;employeur.<\/strong><\/p>\n<p data-testid=\"2rJEFWJaaf\">Cette mise \u00e0 jour est essentielle pour le calcul des salaires. Tout manquement entra\u00eenera des p\u00e9nalit\u00e9s \u00e0 verser \u00e0 l&rsquo;URSSAF.<\/p>\n<p data-testid=\"2rJEFWJaaf\">Cliquez sur\u00a0le lien pour acc\u00e9der directement \u00e0 la page d&rsquo;inscription :\u00a0<a title=\"AT\/MP\" href=\"https:\/\/net-entreprises.custhelp.com\/app\/answers\/detail\/a_id\/1636\/session\/L3RpbWUvMTY1ODMxMzE4Ny9zaWQvMXlOVnF3S3A=\" target=\"_blank\" rel=\"noopener noreferrer\">AT\/MP<\/a><\/p>\n","protected":false},"excerpt":{"rendered":"<p>L&rsquo;inscription au compte AT\/MP (Accident du Travail\/Maladie Professionnelle) sur net.entreprises est obligatoire. Elle doit \u00eatre faite\u00a0avant le 11 d\u00e9cembre 2023. Une fois votre compte ouvert, vous \u00eates alors automatiquement abonn\u00e9 au service de d\u00e9mat\u00e9rialisation. Cela permet de t\u00e9l\u00e9charger la notification de taux de cotisation AT\/MP, accessible uniquement \u00e0 un repr\u00e9sentant de la structure. Nous vous [&hellip;]<\/p>\n","protected":false},"author":1,"featured_media":2871,"comment_status":"closed","ping_status":"closed","sticky":false,"template":"","format":"standard","meta":{"_acf_changed":false,"footnotes":""},"categories":[1],"tags":[],"class_list":["post-2908","post","type-post","status-publish","format-standard","has-post-thumbnail","hentry","category-non-classe"],"acf":[],"_links":{"self":[{"href":"https:\/\/dev-serveur.fr\/2024\/secca-expertise\/wp-json\/wp\/v2\/posts\/2908","targetHints":{"allow":["GET"]}}],"collection":[{"href":"https:\/\/dev-serveur.fr\/2024\/secca-expertise\/wp-json\/wp\/v2\/posts"}],"about":[{"href":"https:\/\/dev-serveur.fr\/2024\/secca-expertise\/wp-json\/wp\/v2\/types\/post"}],"author":[{"embeddable":true,"href":"https:\/\/dev-serveur.fr\/2024\/secca-expertise\/wp-json\/wp\/v2\/users\/1"}],"replies":[{"embeddable":true,"href":"https:\/\/dev-serveur.fr\/2024\/secca-expertise\/wp-json\/wp\/v2\/comments?post=2908"}],"version-history":[{"count":2,"href":"https:\/\/dev-serveur.fr\/2024\/secca-expertise\/wp-json\/wp\/v2\/posts\/2908\/revisions"}],"predecessor-version":[{"id":2910,"href":"https:\/\/dev-serveur.fr\/2024\/secca-expertise\/wp-json\/wp\/v2\/posts\/2908\/revisions\/2910"}],"wp:featuredmedia":[{"embeddable":true,"href":"https:\/\/dev-serveur.fr\/2024\/secca-expertise\/wp-json\/wp\/v2\/media\/2871"}],"wp:attachment":[{"href":"https:\/\/dev-serveur.fr\/2024\/secca-expertise\/wp-json\/wp\/v2\/media?parent=2908"}],"wp:term":[{"taxonomy":"category","embeddable":true,"href":"https:\/\/dev-serveur.fr\/2024\/secca-expertise\/wp-json\/wp\/v2\/categories?post=2908"},{"taxonomy":"post_tag","embeddable":true,"href":"https:\/\/dev-serveur.fr\/2024\/secca-expertise\/wp-json\/wp\/v2\/tags?post=2908"}],"curies":[{"name":"wp","href":"https:\/\/api.w.org\/{rel}","templated":true}]}}